{"id":140,"date":"2019-01-03T17:25:20","date_gmt":"2019-01-03T17:25:20","guid":{"rendered":"http:\/\/sopemi.es\/?p=140"},"modified":"2019-01-03T17:25:20","modified_gmt":"2019-01-03T17:25:20","slug":"contra-la-violencia-de-genero","status":"publish","type":"post","link":"http:\/\/sopemi.es\/?p=140","title":{"rendered":"CONTRA LA VIOLENCIA DE G\u00c9NERO"},"content":{"rendered":"<p>\"SOMOS EL GRITO DE LAS QUE YA NO TIENEN VOZ\"... as\u00ed comenz\u00f3 la intervenci\u00f3n de las chicas y chicos de SOPEMI en el acto conmemorativo organizado por el Ayto. De Navalvillar de Pela con motivo del 25 N.<br \/>\nCon la lectura de varias frases reivindicativas, aportamos nuestro granito de arena en este d\u00eda en el que se proclama la erradicaci\u00f3n de la violencia contra las mujeres.<br \/>\nOjal\u00e1 la pr\u00f3xima celebraci\u00f3n sea por la ausencia de v\u00edctimas.<br \/>\n(Fotos cedidas por el Departamento de Comunicaci\u00f3n del Ayuntamiento de Navalvillar de Pela).<\/p>\n<div id='gallery-1' class='gallery galleryid-140 gallery-columns-3 gallery-size-thumbnail'><figure class='gallery-item'>\n\t\t\t<div class='gallery-icon landscape'>\n\t\t\t\t<a href='http:\/\/sopemi.es\/?attachment_id=145'><img loading=\"lazy\" decoding=\"async\" width=\"150\" height=\"150\" src=\"http:\/\/sopemi.es\/wp-content\/uploads\/2019\/01\/DSC_0344-150x150.jpg\" class=\"attachment-thumbnail size-thumbnail\" alt=\"\" \/><\/a>\n\t\t\t<\/div><\/figure><figure class='gallery-item'>\n\t\t\t<div class='gallery-icon landscape'>\n\t\t\t\t<a href='http:\/\/sopemi.es\/?attachment_id=146'><img loading=\"lazy\" decoding=\"async\" width=\"150\" height=\"150\" src=\"http:\/\/sopemi.es\/wp-content\/uploads\/2019\/01\/DSC_0511-150x150.jpg\" class=\"attachment-thumbnail size-thumbnail\" alt=\"\" \/><\/a>\n\t\t\t<\/div><\/figure><figure class='gallery-item'>\n\t\t\t<div class='gallery-icon landscape'>\n\t\t\t\t<a href='http:\/\/sopemi.es\/?attachment_id=144'><img loading=\"lazy\" decoding=\"async\" width=\"150\" height=\"150\" src=\"http:\/\/sopemi.es\/wp-content\/uploads\/2019\/01\/DSC_0338-150x150.jpg\" class=\"attachment-thumbnail size-thumbnail\" alt=\"\" \/><\/a>\n\t\t\t<\/div><\/figure><figure class='gallery-item'>\n\t\t\t<div class='gallery-icon landscape'>\n\t\t\t\t<a href='http:\/\/sopemi.es\/?attachment_id=143'><img loading=\"lazy\" decoding=\"async\" width=\"150\" height=\"150\" src=\"http:\/\/sopemi.es\/wp-content\/uploads\/2019\/01\/DSC_0329-150x150.jpg\" class=\"attachment-thumbnail size-thumbnail\" alt=\"\" \/><\/a>\n\t\t\t<\/div><\/figure><figure class='gallery-item'>\n\t\t\t<div class='gallery-icon landscape'>\n\t\t\t\t<a href='http:\/\/sopemi.es\/?attachment_id=142'><img loading=\"lazy\" decoding=\"async\" width=\"150\" height=\"150\" src=\"http:\/\/sopemi.es\/wp-content\/uploads\/2019\/01\/DSC_0323-150x150.jpg\" class=\"attachment-thumbnail size-thumbnail\" alt=\"\" \/><\/a>\n\t\t\t<\/div><\/figure><figure class='gallery-item'>\n\t\t\t<div class='gallery-icon landscape'>\n\t\t\t\t<a href='http:\/\/sopemi.es\/?attachment_id=141'><img loading=\"lazy\" decoding=\"async\" width=\"150\" height=\"150\" src=\"http:\/\/sopemi.es\/wp-content\/uploads\/2019\/01\/DSC_0311-150x150.jpg\" class=\"attachment-thumbnail size-thumbnail\" alt=\"\" \/><\/a>\n\t\t\t<\/div><\/figure>\n\t\t<\/div>\n\n","protected":false},"excerpt":{"rendered":"<p>\"SOMOS EL GRITO DE LAS QUE YA NO TIENEN VOZ\"... as\u00ed comenz\u00f3 la intervenci\u00f3n de las chicas y chicos de SOPEMI en el acto conmemorativo organizado por el Ayto. De Navalvillar de Pela con motivo del 25 N. Con la lectura de varias frases reivindicativas, aportamos nuestro granito de arena en este d\u00eda en el <a href=\"http:\/\/sopemi.es\/?p=140\" class=\"more-link\">...contin\u00faa leyendo<span class=\"screen-reader-text\"> \"CONTRA LA VIOLENCIA DE G\u00c9NERO\"<\/span><\/a><\/p>\n","protected":false},"author":1,"featured_media":0,"comment_status":"open","ping_status":"open","sticky":false,"template":"","format":"standard","meta":{"footnotes":""},"categories":[1],"tags":[],"class_list":{"0":"post-140","1":"post","2":"type-post","3":"status-publish","4":"format-standard","6":"category-uncategorized","7":"h-entry","8":"hentry","9":"h-as-article"},"_links":{"self":[{"href":"http:\/\/sopemi.es\/index.php?rest_route=\/wp\/v2\/posts\/140","targetHints":{"allow":["GET"]}}],"collection":[{"href":"http:\/\/sopemi.es\/index.php?rest_route=\/wp\/v2\/posts"}],"about":[{"href":"http:\/\/sopemi.es\/index.php?rest_route=\/wp\/v2\/types\/post"}],"author":[{"embeddable":true,"href":"http:\/\/sopemi.es\/index.php?rest_route=\/wp\/v2\/users\/1"}],"replies":[{"embeddable":true,"href":"http:\/\/sopemi.es\/index.php?rest_route=%2Fwp%2Fv2%2Fcomments&post=140"}],"version-history":[{"count":3,"href":"http:\/\/sopemi.es\/index.php?rest_route=\/wp\/v2\/posts\/140\/revisions"}],"predecessor-version":[{"id":150,"href":"http:\/\/sopemi.es\/index.php?rest_route=\/wp\/v2\/posts\/140\/revisions\/150"}],"wp:attachment":[{"href":"http:\/\/sopemi.es\/index.php?rest_route=%2Fwp%2Fv2%2Fmedia&parent=140"}],"wp:term":[{"taxonomy":"category","embeddable":true,"href":"http:\/\/sopemi.es\/index.php?rest_route=%2Fwp%2Fv2%2Fcategories&post=140"},{"taxonomy":"post_tag","embeddable":true,"href":"http:\/\/sopemi.es\/index.php?rest_route=%2Fwp%2Fv2%2Ftags&post=140"}],"curies":[{"name":"wp","href":"https:\/\/api.w.org\/{rel}","templated":true}]}}