{"id":151,"date":"2019-01-03T17:35:44","date_gmt":"2019-01-03T17:35:44","guid":{"rendered":"http:\/\/sopemi.es\/?p=151"},"modified":"2019-01-03T17:35:44","modified_gmt":"2019-01-03T17:35:44","slug":"dia-internacional-de-las-personas-con-discapacidad","status":"publish","type":"post","link":"http:\/\/sopemi.es\/?p=151","title":{"rendered":"D\u00cdA INTERNACIONAL DE LAS PERSONAS CON DISCAPACIDAD"},"content":{"rendered":"<p><img loading=\"lazy\" decoding=\"async\" class=\" wp-image-152 alignright\" src=\"http:\/\/sopemi.es\/wp-content\/uploads\/2019\/01\/DIA_DISCAPACIDAD-210x300.jpg\" alt=\"\" width=\"246\" height=\"351\" srcset=\"http:\/\/sopemi.es\/wp-content\/uploads\/2019\/01\/DIA_DISCAPACIDAD-210x300.jpg 210w, http:\/\/sopemi.es\/wp-content\/uploads\/2019\/01\/DIA_DISCAPACIDAD.jpg 448w\" sizes=\"auto, (max-width: 246px) 100vw, 246px\" \/>Con motivo del D\u00eda Internacional de las Personas con Discapacidad y gracias a la colaboraci\u00f3n del CEIP Nuestra Se\u00f1ora de Guadalupe de Navalvillar de Pela, SOPEMI ha realizado una actividad de sensibilizaci\u00f3n con los alumnos de 4\u00ba de Educaci\u00f3n Primaria.<\/p>\n<p>Con una metodolog\u00eda divertida y a trav\u00e9s de din\u00e1micas y juegos, los chicos y chicas han podido expresar, preguntar y reflexionar acerca de la discapacidad logrando transmitirles la idea principal de la misma: Somos diversos y todos tenemos capacidades diferentes.<\/p>\n<p><img loading=\"lazy\" decoding=\"async\" class=\" wp-image-154 alignleft\" src=\"http:\/\/sopemi.es\/wp-content\/uploads\/2019\/01\/DIA_DISCAPACIDAD2-300x225.jpg\" alt=\"\" width=\"273\" height=\"205\" srcset=\"http:\/\/sopemi.es\/wp-content\/uploads\/2019\/01\/DIA_DISCAPACIDAD2-300x225.jpg 300w, http:\/\/sopemi.es\/wp-content\/uploads\/2019\/01\/DIA_DISCAPACIDAD2-768x576.jpg 768w, http:\/\/sopemi.es\/wp-content\/uploads\/2019\/01\/DIA_DISCAPACIDAD2.jpg 1024w, http:\/\/sopemi.es\/wp-content\/uploads\/2019\/01\/DIA_DISCAPACIDAD2-960x720.jpg 960w\" sizes=\"auto, (max-width: 273px) 100vw, 273px\" \/><br \/>\nLa sesi\u00f3n finaliz\u00f3 con el reto a todos de convertirse en ACTIVISTAS SOCIALES dise\u00f1ando sus propios carteles que ser\u00e1n expuestos para que todos podamos ver su labor como activistas<\/p>\n","protected":false},"excerpt":{"rendered":"<p>Con motivo del D\u00eda Internacional de las Personas con Discapacidad y gracias a la colaboraci\u00f3n del CEIP Nuestra Se\u00f1ora de Guadalupe de Navalvillar de Pela, SOPEMI ha realizado una actividad de sensibilizaci\u00f3n con los alumnos de 4\u00ba de Educaci\u00f3n Primaria. Con una metodolog\u00eda divertida y a trav\u00e9s de din\u00e1micas y juegos, los chicos y chicas <a href=\"http:\/\/sopemi.es\/?p=151\" class=\"more-link\">...contin\u00faa leyendo<span class=\"screen-reader-text\"> \"D\u00cdA INTERNACIONAL DE LAS PERSONAS CON DISCAPACIDAD\"<\/span><\/a><\/p>\n","protected":false},"author":1,"featured_media":0,"comment_status":"open","ping_status":"open","sticky":false,"template":"","format":"standard","meta":{"footnotes":""},"categories":[1],"tags":[],"class_list":{"0":"post-151","1":"post","2":"type-post","3":"status-publish","4":"format-standard","6":"category-uncategorized","7":"h-entry","8":"hentry","9":"h-as-article"},"_links":{"self":[{"href":"http:\/\/sopemi.es\/index.php?rest_route=\/wp\/v2\/posts\/151","targetHints":{"allow":["GET"]}}],"collection":[{"href":"http:\/\/sopemi.es\/index.php?rest_route=\/wp\/v2\/posts"}],"about":[{"href":"http:\/\/sopemi.es\/index.php?rest_route=\/wp\/v2\/types\/post"}],"author":[{"embeddable":true,"href":"http:\/\/sopemi.es\/index.php?rest_route=\/wp\/v2\/users\/1"}],"replies":[{"embeddable":true,"href":"http:\/\/sopemi.es\/index.php?rest_route=%2Fwp%2Fv2%2Fcomments&post=151"}],"version-history":[{"count":2,"href":"http:\/\/sopemi.es\/index.php?rest_route=\/wp\/v2\/posts\/151\/revisions"}],"predecessor-version":[{"id":156,"href":"http:\/\/sopemi.es\/index.php?rest_route=\/wp\/v2\/posts\/151\/revisions\/156"}],"wp:attachment":[{"href":"http:\/\/sopemi.es\/index.php?rest_route=%2Fwp%2Fv2%2Fmedia&parent=151"}],"wp:term":[{"taxonomy":"category","embeddable":true,"href":"http:\/\/sopemi.es\/index.php?rest_route=%2Fwp%2Fv2%2Fcategories&post=151"},{"taxonomy":"post_tag","embeddable":true,"href":"http:\/\/sopemi.es\/index.php?rest_route=%2Fwp%2Fv2%2Ftags&post=151"}],"curies":[{"name":"wp","href":"https:\/\/api.w.org\/{rel}","templated":true}]}}