{"id":168,"date":"2019-01-04T10:38:41","date_gmt":"2019-01-04T10:38:41","guid":{"rendered":"http:\/\/sopemi.es\/?p=168"},"modified":"2019-01-04T10:38:41","modified_gmt":"2019-01-04T10:38:41","slug":"jornadas-empleo-y-discapacidad","status":"publish","type":"post","link":"http:\/\/sopemi.es\/?p=168","title":{"rendered":"JORNADAS EMPLEO Y DISCAPACIDAD"},"content":{"rendered":"<p>El\u00a0d\u00eda 14 de diciembre de 2018 el\u00a0Presidente de SOPEMI, Cristobal Arroyo Cabrera, acompa\u00f1do de t\u00e9cnicos de la Asociaci\u00f3n, asistieron ayer a la Jornada de Empleo y Discapacidad organizadas por la Consejer\u00eda de Educaci\u00f3n y Empleo en M\u00e9rida, donde participaron representantes de asociaciones del \u00e1mbito de la discapacidad, centros especiales de empleo, empresas, etc.<img loading=\"lazy\" decoding=\"async\" class=\"size-medium wp-image-169 alignright\" src=\"http:\/\/sopemi.es\/wp-content\/uploads\/2019\/01\/jornada-212x300.jpeg\" alt=\"\" width=\"212\" height=\"300\" srcset=\"http:\/\/sopemi.es\/wp-content\/uploads\/2019\/01\/jornada-212x300.jpeg 212w, http:\/\/sopemi.es\/wp-content\/uploads\/2019\/01\/jornada.jpeg 722w\" sizes=\"auto, (max-width: 212px) 100vw, 212px\" \/><\/p>\n<p>Durante la Jornada intervinieron entre otros, la Consejera de Educaci\u00f3n y Empleo Esther Guti\u00e9rrez, el Presidente de COCEMFE Badajoz, Jes\u00fas Gumiel y el asesor de LANTEGUI BATUAK Alfonso Echanove. Se expusieron experiencias y proyectos relacionados con la inclusi\u00f3n laboral, el emprendimiento de las personas con discapacidad, o los aspectos relacionados con la adaptaci\u00f3n de los puestos de trabajo, entre otros aspectos.<\/p>\n<div id='gallery-1' class='gallery galleryid-168 gallery-columns-2 gallery-size-medium'><figure class='gallery-item'>\n\t\t\t<div class='gallery-icon landscape'>\n\t\t\t\t<a href='http:\/\/sopemi.es\/?attachment_id=170'><img loading=\"lazy\" decoding=\"async\" width=\"300\" height=\"169\" src=\"http:\/\/sopemi.es\/wp-content\/uploads\/2019\/01\/image001-300x169.jpg\" class=\"attachment-medium size-medium\" alt=\"\" srcset=\"http:\/\/sopemi.es\/wp-content\/uploads\/2019\/01\/image001-300x169.jpg 300w, http:\/\/sopemi.es\/wp-content\/uploads\/2019\/01\/image001-768x432.jpg 768w, http:\/\/sopemi.es\/wp-content\/uploads\/2019\/01\/image001-1024x576.jpg 1024w, http:\/\/sopemi.es\/wp-content\/uploads\/2019\/01\/image001-960x540.jpg 960w, http:\/\/sopemi.es\/wp-content\/uploads\/2019\/01\/image001.jpg 1600w\" sizes=\"auto, (max-width: 300px) 100vw, 300px\" \/><\/a>\n\t\t\t<\/div><\/figure><figure class='gallery-item'>\n\t\t\t<div class='gallery-icon landscape'>\n\t\t\t\t<a href='http:\/\/sopemi.es\/?attachment_id=171'><img loading=\"lazy\" decoding=\"async\" width=\"300\" height=\"200\" src=\"http:\/\/sopemi.es\/wp-content\/uploads\/2019\/01\/image003-300x200.jpg\" class=\"attachment-medium size-medium\" alt=\"\" srcset=\"http:\/\/sopemi.es\/wp-content\/uploads\/2019\/01\/image003-300x200.jpg 300w, http:\/\/sopemi.es\/wp-content\/uploads\/2019\/01\/image003-768x512.jpg 768w, http:\/\/sopemi.es\/wp-content\/uploads\/2019\/01\/image003-1024x683.jpg 1024w, http:\/\/sopemi.es\/wp-content\/uploads\/2019\/01\/image003-960x640.jpg 960w, http:\/\/sopemi.es\/wp-content\/uploads\/2019\/01\/image003.jpg 1170w\" sizes=\"auto, (max-width: 300px) 100vw, 300px\" \/><\/a>\n\t\t\t<\/div><\/figure>\n\t\t<\/div>\n\n","protected":false},"excerpt":{"rendered":"<p>El\u00a0d\u00eda 14 de diciembre de 2018 el\u00a0Presidente de SOPEMI, Cristobal Arroyo Cabrera, acompa\u00f1do de t\u00e9cnicos de la Asociaci\u00f3n, asistieron ayer a la Jornada de Empleo y Discapacidad organizadas por la Consejer\u00eda de Educaci\u00f3n y Empleo en M\u00e9rida, donde participaron representantes de asociaciones del \u00e1mbito de la discapacidad, centros especiales de empleo, empresas, etc. Durante la <a href=\"http:\/\/sopemi.es\/?p=168\" class=\"more-link\">...contin\u00faa leyendo<span class=\"screen-reader-text\"> \"JORNADAS EMPLEO Y DISCAPACIDAD\"<\/span><\/a><\/p>\n","protected":false},"author":1,"featured_media":0,"comment_status":"open","ping_status":"open","sticky":false,"template":"","format":"standard","meta":{"footnotes":""},"categories":[1],"tags":[],"class_list":{"0":"post-168","1":"post","2":"type-post","3":"status-publish","4":"format-standard","6":"category-uncategorized","7":"h-entry","8":"hentry","9":"h-as-article"},"_links":{"self":[{"href":"http:\/\/sopemi.es\/index.php?rest_route=\/wp\/v2\/posts\/168","targetHints":{"allow":["GET"]}}],"collection":[{"href":"http:\/\/sopemi.es\/index.php?rest_route=\/wp\/v2\/posts"}],"about":[{"href":"http:\/\/sopemi.es\/index.php?rest_route=\/wp\/v2\/types\/post"}],"author":[{"embeddable":true,"href":"http:\/\/sopemi.es\/index.php?rest_route=\/wp\/v2\/users\/1"}],"replies":[{"embeddable":true,"href":"http:\/\/sopemi.es\/index.php?rest_route=%2Fwp%2Fv2%2Fcomments&post=168"}],"version-history":[{"count":1,"href":"http:\/\/sopemi.es\/index.php?rest_route=\/wp\/v2\/posts\/168\/revisions"}],"predecessor-version":[{"id":172,"href":"http:\/\/sopemi.es\/index.php?rest_route=\/wp\/v2\/posts\/168\/revisions\/172"}],"wp:attachment":[{"href":"http:\/\/sopemi.es\/index.php?rest_route=%2Fwp%2Fv2%2Fmedia&parent=168"}],"wp:term":[{"taxonomy":"category","embeddable":true,"href":"http:\/\/sopemi.es\/index.php?rest_route=%2Fwp%2Fv2%2Fcategories&post=168"},{"taxonomy":"post_tag","embeddable":true,"href":"http:\/\/sopemi.es\/index.php?rest_route=%2Fwp%2Fv2%2Ftags&post=168"}],"curies":[{"name":"wp","href":"https:\/\/api.w.org\/{rel}","templated":true}]}}