{"id":173,"date":"2019-01-04T10:45:56","date_gmt":"2019-01-04T10:45:56","guid":{"rendered":"http:\/\/sopemi.es\/?p=173"},"modified":"2019-01-04T10:45:56","modified_gmt":"2019-01-04T10:45:56","slug":"gala-600-aniversario-navalvillar-de-pela","status":"publish","type":"post","link":"http:\/\/sopemi.es\/?p=173","title":{"rendered":"GALA 600 ANIVERSARIO NAVALVILLAR DE PELA"},"content":{"rendered":"<p><img loading=\"lazy\" decoding=\"async\" class=\" wp-image-174 alignright\" src=\"http:\/\/sopemi.es\/wp-content\/uploads\/2019\/01\/IMG_E2827-225x300.jpg\" alt=\"\" width=\"125\" height=\"166\" srcset=\"http:\/\/sopemi.es\/wp-content\/uploads\/2019\/01\/IMG_E2827-225x300.jpg 225w, http:\/\/sopemi.es\/wp-content\/uploads\/2019\/01\/IMG_E2827-768x1024.jpg 768w, http:\/\/sopemi.es\/wp-content\/uploads\/2019\/01\/IMG_E2827-960x1280.jpg 960w\" sizes=\"auto, (max-width: 125px) 100vw, 125px\" \/>El d\u00eda 15 de diciembre\u00a0de 2018 D.\u00a0Antonio G\u00f3mez \u00cd\u00f1iguez, Presidente honor\u00edfico de SOPEMI, recogi\u00f3 el Premio de Trayectoria Humanitaria en la Gala 600 Aniversario de la fundaci\u00f3n de Navalvillar de Pela organizada por el Ayuntamiento.<\/p>\n<p>Una representaci\u00f3n de la \u201cfamila SOPEMI\u201d asisti\u00f3 al acto de entrega de premios donde intervinieron Francisco Javier Fern\u00e1ndez Cano, Alcalde de Navalvillar de Pela; Miguel \u00c1ngel Gallardo, Presidente de la Diputaci\u00f3n Provincial de Badajoz y Bego\u00f1a Garc\u00eda Bernal, Consejera de Medio Ambiente y Rural, Pol\u00edticas Agrarias y Territorio. Nuestras m\u00e1s sincera <span id=\"u_jsonp_4_p\" class=\"_ezo\">enhorabuena<\/span> al resto de galardonados y colaboradores en la conmemoraci\u00f3n de tan especial aniversario y por supuesto nuestro especial agradecimiento al Ayuntamiento por este reconocimiento a nuestra misi\u00f3n, conseguir la normalizaci\u00f3n de las personas con discapacidad.<\/p>\n<div id='gallery-1' class='gallery galleryid-173 gallery-columns-2 gallery-size-large'><figure class='gallery-item'>\n\t\t\t<div class='gallery-icon landscape'>\n\t\t\t\t<a href='http:\/\/sopemi.es\/?attachment_id=175'><img loading=\"lazy\" decoding=\"async\" width=\"625\" height=\"548\" src=\"http:\/\/sopemi.es\/wp-content\/uploads\/2019\/01\/gala-600-s\u00f1od-1024x898.jpg\" class=\"attachment-large size-large\" alt=\"\" srcset=\"http:\/\/sopemi.es\/wp-content\/uploads\/2019\/01\/gala-600-s\u00f1od-1024x898.jpg 1024w, http:\/\/sopemi.es\/wp-content\/uploads\/2019\/01\/gala-600-s\u00f1od-300x263.jpg 300w, http:\/\/sopemi.es\/wp-content\/uploads\/2019\/01\/gala-600-s\u00f1od-768x673.jpg 768w, http:\/\/sopemi.es\/wp-content\/uploads\/2019\/01\/gala-600-s\u00f1od-960x841.jpg 960w, http:\/\/sopemi.es\/wp-content\/uploads\/2019\/01\/gala-600-s\u00f1od.jpg 1474w\" sizes=\"auto, (max-width: 625px) 100vw, 625px\" \/><\/a>\n\t\t\t<\/div><\/figure><figure class='gallery-item'>\n\t\t\t<div class='gallery-icon landscape'>\n\t\t\t\t<a href='http:\/\/sopemi.es\/?attachment_id=176'><img loading=\"lazy\" decoding=\"async\" width=\"625\" height=\"469\" src=\"http:\/\/sopemi.es\/wp-content\/uploads\/2019\/01\/gala-1024x768.jpeg\" class=\"attachment-large size-large\" alt=\"\" srcset=\"http:\/\/sopemi.es\/wp-content\/uploads\/2019\/01\/gala.jpeg 1024w, http:\/\/sopemi.es\/wp-content\/uploads\/2019\/01\/gala-300x225.jpeg 300w, http:\/\/sopemi.es\/wp-content\/uploads\/2019\/01\/gala-768x576.jpeg 768w, http:\/\/sopemi.es\/wp-content\/uploads\/2019\/01\/gala-960x720.jpeg 960w\" sizes=\"auto, (max-width: 625px) 100vw, 625px\" \/><\/a>\n\t\t\t<\/div><\/figure>\n\t\t<\/div>\n\n","protected":false},"excerpt":{"rendered":"<p>El d\u00eda 15 de diciembre\u00a0de 2018 D.\u00a0Antonio G\u00f3mez \u00cd\u00f1iguez, Presidente honor\u00edfico de SOPEMI, recogi\u00f3 el Premio de Trayectoria Humanitaria en la Gala 600 Aniversario de la fundaci\u00f3n de Navalvillar de Pela organizada por el Ayuntamiento. Una representaci\u00f3n de la \u201cfamila SOPEMI\u201d asisti\u00f3 al acto de entrega de premios donde intervinieron Francisco Javier Fern\u00e1ndez Cano, Alcalde <a href=\"http:\/\/sopemi.es\/?p=173\" class=\"more-link\">...contin\u00faa leyendo<span class=\"screen-reader-text\"> \"GALA 600 ANIVERSARIO NAVALVILLAR DE PELA\"<\/span><\/a><\/p>\n","protected":false},"author":1,"featured_media":0,"comment_status":"open","ping_status":"open","sticky":false,"template":"","format":"standard","meta":{"footnotes":""},"categories":[1],"tags":[],"class_list":{"0":"post-173","1":"post","2":"type-post","3":"status-publish","4":"format-standard","6":"category-uncategorized","7":"h-entry","8":"hentry","9":"h-as-article"},"_links":{"self":[{"href":"http:\/\/sopemi.es\/index.php?rest_route=\/wp\/v2\/posts\/173","targetHints":{"allow":["GET"]}}],"collection":[{"href":"http:\/\/sopemi.es\/index.php?rest_route=\/wp\/v2\/posts"}],"about":[{"href":"http:\/\/sopemi.es\/index.php?rest_route=\/wp\/v2\/types\/post"}],"author":[{"embeddable":true,"href":"http:\/\/sopemi.es\/index.php?rest_route=\/wp\/v2\/users\/1"}],"replies":[{"embeddable":true,"href":"http:\/\/sopemi.es\/index.php?rest_route=%2Fwp%2Fv2%2Fcomments&post=173"}],"version-history":[{"count":1,"href":"http:\/\/sopemi.es\/index.php?rest_route=\/wp\/v2\/posts\/173\/revisions"}],"predecessor-version":[{"id":177,"href":"http:\/\/sopemi.es\/index.php?rest_route=\/wp\/v2\/posts\/173\/revisions\/177"}],"wp:attachment":[{"href":"http:\/\/sopemi.es\/index.php?rest_route=%2Fwp%2Fv2%2Fmedia&parent=173"}],"wp:term":[{"taxonomy":"category","embeddable":true,"href":"http:\/\/sopemi.es\/index.php?rest_route=%2Fwp%2Fv2%2Fcategories&post=173"},{"taxonomy":"post_tag","embeddable":true,"href":"http:\/\/sopemi.es\/index.php?rest_route=%2Fwp%2Fv2%2Ftags&post=173"}],"curies":[{"name":"wp","href":"https:\/\/api.w.org\/{rel}","templated":true}]}}